{"id":89553,"__str__":"PROJETO DE LEI n\u00ba 9128 de 2021 | Of\u00edcio do Cadastro Imobili\u00e1rio da Prefeitura de Caruaru | 22/11/2021","metadata":{},"timestamp":"2021-11-22T15:46:34.529309-03:00","data_tramitacao":"2021-11-22","data_encaminhamento":null,"urgente":false,"turno":"","texto":"Of\u00edcio n\u00ba 294/2021-PMC/SEFAZ/CADASTRO\r\nCaruaru, 22 de novembro de 2021.\r\n\r\n\u00c0 CONSULTORIA JUR\u00cdDICA/ASSESSORIA DAS COMISS\u00d5ES - CJ/ASSC\r\nC\u00c2MARA MUNICIPAL DE CARUARU\r\nRua 15 de novembro, 201 \u2013 Centro\r\nCaruaru \u2013 PE \u2013 CEP: 5500-904\r\n\r\nAssunto: Em Resposta ao Projeto de Lei n\u00ba 9.128/2021\r\n\r\n1)\tEm atendimento a solicita\u00e7\u00e3o emanada da Casa Jornalista Jos\u00e9 Carlos Flor\u00eancio, o Departamento de Cadastro prop\u00f5e a seguinte reda\u00e7\u00e3o para delimitar a art\u00e9ria objeto do projeto de lei supracitado, ficando em conformidade com o cadastro imobili\u00e1rio municipal:\r\n\r\n2)\t\tArt. 1\u00ba Fica denominado de CENTRO MUNICIPAL DE EDUCA\u00c7\u00c3O INFANTIL \u2013 CMEI ARTISTA PL\u00c1STICA LU\u00cdSA CAVALCANTI MACIEL, que est\u00e1  edificado em parte do EC1 (Planta 322), o qual est\u00e1 delimitado georreferenciado no Sistema Geod\u00e9sico Brasileiro (Sistema de Proje\u00e7\u00e3o UTM e DATUM SIRGAS 2000), entre o ponto de Latitude (Y) UTM 9085175.41 m e Longitude (X) UTM 829056.45 m (Meridiano Central: -39 \u2013 UTM: 24), o ponto de Latitude (Y) UTM 9085176.00 m e Longitude (X) UTM 828977.06 m (Meridiano Central: -39 \u2013 UTM: 24), o ponto de Latitude (Y) UTM 9085133.85 m e Longitude (X) UTM 828988.87 m (Meridiano Central: -39 \u2013 UTM: 24) e o ponto de Latitude (Y) UTM 9085134.45 m e Longitude (X) UTM 829056.15 m (Meridiano Central: -39 \u2013 UTM: 24), constante no loteamento VILA ANDORINHA II (Planta 322), localizada no Bairro ANDORINHA, nesta cidade de Caruaru-PE.\r\n \r\n3)\tSem mais para o instante, despe\u00e7amo-nos ficando a disposi\u00e7\u00e3o para quaisquer eventuais esclarecimentos necess\u00e1rios.\r\n\r\n\tAtenciosamente\r\n\r\n\r\n\r\n  Ana Caroline de Melo Lima                                                  Arianne Camila Flor\u00eancio Rocha\r\n             Coordena\u00e7\u00e3o I                                                              Apoio \u00e0 Auditoria e Fiscaliza\u00e7","data_fim_prazo":null,"ip":"192.195.237.139","ultima_edicao":"2021-11-22T15:46:16.563073-03:00","status":97,"materia":21596,"unidade_tramitacao_local":65,"unidade_tramitacao_destino":16,"user":105}