{"id":9412,"__str__":"Lei-PMC n\u00ba 7.047, de 14 de julho de 2023","metadata":{"signs":{"texto_integral":{"admin":[],"autores":[["Rodrigo Anselmo Pinheiro dos Santos",["2023-10-23T21:24:54-03:00","ICP-Brasil"]]]}}},"texto_integral":"http://sapl.caruaru.pe.leg.br/media/sapl/public/normajuridica/2023/9412/lei_7047_-_projeto_de_lei_9605_-_jornada_de_trabalha_reduzida_filho_com_deficiencia.pdf","numero":"7047","ano":2023,"esfera_federacao":"M","data":"2023-07-14","data_publicacao":null,"veiculo_publicacao":"","pagina_inicio_publicacao":null,"pagina_fim_publicacao":null,"ementa":"Disp\u00f5e sobre a cria\u00e7\u00e3o de jornada de trabalho reduzida ao servidor efetivo do Munic\u00edpio de Caruaru-PE que tem filho deficiente e d\u00e1 outras provid\u00eancias","indexacao":"","observacao":"Publicada no Di\u00e1rio Oficial do Munic\u00edpio n\u00ba 1789 de 14 de julho de 2023.","complemento":false,"data_vigencia":null,"timestamp":"2025-02-14T12:34:04.382356-03:00","data_ultima_atualizacao":"2025-02-14T12:34:04.401944-03:00","ip":"187.84.90.99","ultima_edicao":"2025-02-14T12:34:04.241520-03:00","tipo":1,"materia":31280,"orgao":27,"user":224,"assuntos":[],"autores":[]}