{"id":9585,"__str__":"Lei Complementar-PMC n\u00ba 120, de 21 de novembro de 2023","metadata":{"signs":{"texto_integral":{"admin":[],"autores":[["Rodrigo Anselmo Pinheiro dos Santos",["2024-03-15T01:28:49-03:00","ICP-Brasil"]]]}}},"texto_integral":"http://sapl.caruaru.pe.leg.br/media/sapl/public/normajuridica/2023/9585/lei_complementar_120_-_projeto_de_lei_complementar_154_-_pccv_guarda_municipal_secop.pdf","numero":"120","ano":2023,"esfera_federacao":"M","data":"2023-11-21","data_publicacao":null,"veiculo_publicacao":"","pagina_inicio_publicacao":null,"pagina_fim_publicacao":null,"ementa":"Disp\u00f5e sobre o Plano de Cargos, Carreiras e Vencimentos \u2013 PCCV dos Guardas Municipais e d\u00e1 outras provid\u00eancias.","indexacao":"","observacao":"Publicado no Di\u00e1rio Oficial do Munic\u00edpio n\u00b0 1962 de 21 de novembro de 2023.","complemento":false,"data_vigencia":null,"timestamp":"2024-08-20T09:08:44.217037-03:00","data_ultima_atualizacao":"2026-01-20T09:58:57.327194-03:00","ip":"187.84.90.196","ultima_edicao":"2024-08-20T09:08:43.948001-03:00","tipo":5,"materia":32607,"orgao":27,"user":224,"assuntos":[],"autores":[]}